{"id":10711,"date":"2020-10-31T11:52:52","date_gmt":"2020-10-31T08:52:52","guid":{"rendered":"http:\/\/cyp-lives.com\/?p=10711"},"modified":"2020-11-02T10:21:30","modified_gmt":"2020-11-02T07:21:30","slug":"roman-period-cyprus","status":"publish","type":"post","link":"https:\/\/cyp-lives.com\/de\/history\/roman-period-cyprus\/","title":{"rendered":"Eine kurze Geschichte Zyperns Die R\u00f6merzeit (58 v. Chr. - 330 n. Chr.)"},"content":{"rendered":"<div class=\"fusion-fullwidth fullwidth-box fusion-builder-row-1 fusion-flex-container nonhundred-percent-fullwidth non-hundred-percent-height-scrolling\" style=\"--awb-border-radius-top-left:0px;--awb-border-radius-top-right:0px;--awb-border-radius-bottom-right:0px;--awb-border-radius-bottom-left:0px;--awb-flex-wrap:wrap;\" ><div class=\"fusion-builder-row fusion-row fusion-flex-align-items-flex-start fusion-flex-content-wrap\" style=\"max-width:1248px;margin-left: calc(-4% \/ 2 );margin-right: calc(-4% \/ 2 );\"><div class=\"fusion-layout-column fusion_builder_column fusion-builder-column-0 fusion_builder_column_1_1 1_1 fusion-flex-column\" style=\"--awb-bg-size:cover;--awb-width-large:100%;--awb-margin-top-large:0px;--awb-spacing-right-large:1.92%;--awb-margin-bottom-large:20px;--awb-spacing-left-large:1.92%;--awb-width-medium:100%;--awb-spacing-right-medium:1.92%;--awb-spacing-left-medium:1.92%;--awb-width-small:100%;--awb-spacing-right-small:1.92%;--awb-spacing-left-small:1.92%;\"><div class=\"fusion-column-wrapper fusion-flex-justify-content-flex-start fusion-content-layout-column\"><div class=\"fusion-title title fusion-title-1 fusion-sep-none fusion-title-text fusion-title-size-two\" style=\"--awb-margin-top-small:10px;--awb-margin-right-small:0px;--awb-margin-bottom-small:10px;--awb-margin-left-small:0px;\"><h2 class=\"fusion-title-heading title-heading-left fusion-responsive-typography-calculated\" style=\"margin:0;--fontSize:24;line-height:1.2;\"><h2>Die Erhebung Roms<\/h2>\n<p>Der Niedergang der hellenistischen Staaten fiel mit dem Aufstieg Roms als Regionalmacht zusammen. Der Zeitraum von etwa 30 Jahren bis 30 v. Chr. war von einem Machtkampf in Rom gepr\u00e4gt. Der Senat verlor seine Macht vor den Gener\u00e4len, die untereinander um die h\u00f6chste Macht k\u00e4mpften. Julius Caesar \u00fcbernahm schlie\u00dflich die Diktatur und beschloss, die Regierung des Reiches zu reformieren. Seine Ermordung im Jahre 44 v. Chr. wurde von Unruhen begleitet, bis Octavian, der Enkelneffe Caesars, als Kaiser Augustus an die Macht kam.<\/p>\n<p>August hat viele der von Caesar eingeleiteten Reformen umgesetzt, einschlie\u00dflich der Abschaffung der Steuern f\u00fcr die Landwirtschaft. Diese Reform erm\u00f6glichte es der Regierung, erhebliche Mittel f\u00fcr \u00f6ffentliche Arbeiten auszugeben, ohne die Bauern zu unterdr\u00fccken.<\/p><\/h2><\/div><div class=\"fusion-image-element\" style=\"--awb-margin-bottom:20px;--awb-caption-title-font-family:var(--h2_typography-font-family);--awb-caption-title-font-weight:var(--h2_typography-font-weight);--awb-caption-title-font-style:var(--h2_typography-font-style);--awb-caption-title-size:var(--h2_typography-font-size);--awb-caption-title-transform:var(--h2_typography-text-transform);--awb-caption-title-line-height:var(--h2_typography-line-height);--awb-caption-title-letter-spacing:var(--h2_typography-letter-spacing);\"><span class=\"fusion-imageframe imageframe-none imageframe-1 hover-type-none\"><img decoding=\"async\" width=\"300\" height=\"214\" alt=\"\u0414\u0440\u0435\u0432\u043d\u044f\u044f \u041a\u0430\u0440\u0442\u0430\" title=\"\u0414\u0440\u0435\u0432\u043d\u044f\u044f \u041a\u0430\u0440\u0442\u0430\" src=\"http:\/\/cyp-lives.com\/media\/\u043a\u0430\u0442\u0440\u0430-\u0438\u043c\u043f\u0435\u0440\u0438\u0438-300x214.png\" class=\"img-responsive wp-image-10713\" srcset=\"https:\/\/cyp-lives.com\/media\/\u043a\u0430\u0442\u0440\u0430-\u0438\u043c\u043f\u0435\u0440\u0438\u0438-200x143.png 200w, https:\/\/cyp-lives.com\/media\/\u043a\u0430\u0442\u0440\u0430-\u0438\u043c\u043f\u0435\u0440\u0438\u0438-400x285.png 400w, https:\/\/cyp-lives.com\/media\/\u043a\u0430\u0442\u0440\u0430-\u0438\u043c\u043f\u0435\u0440\u0438\u0438-600x428.png 600w, https:\/\/cyp-lives.com\/media\/\u043a\u0430\u0442\u0440\u0430-\u0438\u043c\u043f\u0435\u0440\u0438\u0438-800x571.png 800w, https:\/\/cyp-lives.com\/media\/\u043a\u0430\u0442\u0440\u0430-\u0438\u043c\u043f\u0435\u0440\u0438\u0438-1200x856.png 1200w, https:\/\/cyp-lives.com\/media\/\u043a\u0430\u0442\u0440\u0430-\u0438\u043c\u043f\u0435\u0440\u0438\u0438.png 1775w\" sizes=\"(max-width: 800px) 100vw, 1200px\" \/><\/span><\/div><div class=\"fusion-text fusion-text-1\"><p>In Zypern wurde ein umfangreiches Bauprogramm beschleunigt. Es wurden neue H\u00e4fen gebaut, Stra\u00dfen verlegt, Aqu\u00e4dukte gebaut, um Wasser in die St\u00e4dte zu bringen. \u00dcberall wurden Tempel, M\u00e4rkte, Theater und andere \u00f6ffentliche Einrichtungen gebaut.<\/p>\n<p>Im Jahr 46 n. Chr. reisten Paulus und Barnabas, die aus Salamis stammen, nach Paphos, wo sie dem r\u00f6mischen Herrscher Sergius Paulus das Evangelium offenbarten. Er wandte sich um und wurde der erste christliche Herrscher der Welt. Sp\u00e4ter predigte Barnabas in Salamis, wo er schlie\u00dflich von Juden gefoltert wurde.<\/p>\n<\/div><div class=\"fusion-image-element\" style=\"--awb-margin-bottom:20px;--awb-caption-title-font-family:var(--h2_typography-font-family);--awb-caption-title-font-weight:var(--h2_typography-font-weight);--awb-caption-title-font-style:var(--h2_typography-font-style);--awb-caption-title-size:var(--h2_typography-font-size);--awb-caption-title-transform:var(--h2_typography-text-transform);--awb-caption-title-line-height:var(--h2_typography-line-height);--awb-caption-title-letter-spacing:var(--h2_typography-letter-spacing);\"><span class=\"fusion-imageframe imageframe-none imageframe-2 hover-type-none\"><img decoding=\"async\" width=\"300\" height=\"201\" alt=\"Die Geschichte Zyperns\" title=\"Die Geschichte Zyperns\" src=\"http:\/\/cyp-lives.com\/media\/imgonline-com-ua-Compressed-emtilRf1Nl-300x201.jpg\" class=\"img-responsive wp-image-10715\" srcset=\"https:\/\/cyp-lives.com\/media\/imgonline-com-ua-Compressed-emtilRf1Nl-200x134.jpg 200w, https:\/\/cyp-lives.com\/media\/imgonline-com-ua-Compressed-emtilRf1Nl-400x268.jpg 400w, https:\/\/cyp-lives.com\/media\/imgonline-com-ua-Compressed-emtilRf1Nl-600x402.jpg 600w, https:\/\/cyp-lives.com\/media\/imgonline-com-ua-Compressed-emtilRf1Nl-800x536.jpg 800w, https:\/\/cyp-lives.com\/media\/imgonline-com-ua-Compressed-emtilRf1Nl-1200x803.jpg 1200w, https:\/\/cyp-lives.com\/media\/imgonline-com-ua-Compressed-emtilRf1Nl-scaled.jpg 2560w\" sizes=\"(max-width: 800px) 100vw, 1200px\" \/><\/span><\/div><div class=\"fusion-text fusion-text-2\"><p>Die Mission von Paulus und Barnabas sollte weitreichende Folgen haben, so dass die Kirche in den folgenden Jahren ihren apostolischen Ursprung demonstrieren konnte.\u00a0 Es war notwendig, seine Anspr\u00fcche auf Unabh\u00e4ngigkeit vom Patriarchen von Antiochien zu rechtfertigen.<\/p>\n<p>Nachdem der Judenaufstand 70 n. Chr. von den R\u00f6mern in Jerusalem unterdr\u00fcckt wurde, lie\u00dfen sich viele Juden in Zypern nieder, besonders in Salamis. Hier, im Jahr 115 n. Chr., rebellierten sie erneut, und das anschlie\u00dfende Massaker l\u00f6ste aus Rom ein Dekret \u00fcber die Vertreibung aller Juden von der Insel aus.<\/p>\n<p>In den n\u00e4chsten 50 Jahren genoss Zypern Wohlstand, aber die Degeneration des R\u00f6mischen Reiches lie\u00df das Land in einer bedauerlichen Lage zur\u00fcck. Das Gl\u00fcck wurde unter Konstantin dem Gro\u00dfen (324-337) wiederbelebt, aber im Jahr 364 n. Chr. spaltete sich das Reich in Ost und West auf.<\/p>\n<\/div><\/div><\/div><\/div><\/div>","protected":false},"excerpt":{"rendered":"","protected":false},"author":2,"featured_media":10766,"comment_status":"open","ping_status":"open","sticky":false,"template":"","format":"standard","meta":{"_acf_changed":false,"footnotes":""},"categories":[98],"tags":[100,99,102],"class_list":["post-10711","post","type-post","status-publish","format-standard","has-post-thumbnail","hentry","category-history","tag-100","tag-99","tag-102"],"acf":[],"_links":{"self":[{"href":"https:\/\/cyp-lives.com\/de\/wp-json\/wp\/v2\/posts\/10711","targetHints":{"allow":["GET"]}}],"collection":[{"href":"https:\/\/cyp-lives.com\/de\/wp-json\/wp\/v2\/posts"}],"about":[{"href":"https:\/\/cyp-lives.com\/de\/wp-json\/wp\/v2\/types\/post"}],"author":[{"embeddable":true,"href":"https:\/\/cyp-lives.com\/de\/wp-json\/wp\/v2\/users\/2"}],"replies":[{"embeddable":true,"href":"https:\/\/cyp-lives.com\/de\/wp-json\/wp\/v2\/comments?post=10711"}],"version-history":[{"count":0,"href":"https:\/\/cyp-lives.com\/de\/wp-json\/wp\/v2\/posts\/10711\/revisions"}],"wp:featuredmedia":[{"embeddable":true,"href":"https:\/\/cyp-lives.com\/de\/wp-json\/wp\/v2\/media\/10766"}],"wp:attachment":[{"href":"https:\/\/cyp-lives.com\/de\/wp-json\/wp\/v2\/media?parent=10711"}],"wp:term":[{"taxonomy":"category","embeddable":true,"href":"https:\/\/cyp-lives.com\/de\/wp-json\/wp\/v2\/categories?post=10711"},{"taxonomy":"post_tag","embeddable":true,"href":"https:\/\/cyp-lives.com\/de\/wp-json\/wp\/v2\/tags?post=10711"}],"curies":[{"name":"wp","href":"https:\/\/api.w.org\/{rel}","templated":true}]}}