{"id":10704,"date":"2020-10-30T15:56:13","date_gmt":"2020-10-30T12:56:13","guid":{"rendered":"http:\/\/cyp-lives.com\/?p=10704"},"modified":"2020-12-16T12:02:28","modified_gmt":"2020-12-16T09:02:28","slug":"hellenistic-period-of-cyprus","status":"publish","type":"post","link":"https:\/\/cyp-lives.com\/de\/history\/hellenistic-period-of-cyprus\/","title":{"rendered":"Eine kurze Geschichte Zyperns Hellenistische Periode"},"content":{"rendered":"<div class=\"fusion-fullwidth fullwidth-box fusion-builder-row-1 fusion-flex-container nonhundred-percent-fullwidth non-hundred-percent-height-scrolling\" style=\"--awb-border-radius-top-left:0px;--awb-border-radius-top-right:0px;--awb-border-radius-bottom-right:0px;--awb-border-radius-bottom-left:0px;--awb-flex-wrap:wrap;\" ><div class=\"fusion-builder-row fusion-row fusion-flex-align-items-flex-start fusion-flex-content-wrap\" style=\"max-width:1248px;margin-left: calc(-4% \/ 2 );margin-right: calc(-4% \/ 2 );\"><div class=\"fusion-layout-column fusion_builder_column fusion-builder-column-0 fusion_builder_column_1_1 1_1 fusion-flex-column\" style=\"--awb-bg-size:cover;--awb-width-large:100%;--awb-margin-top-large:0px;--awb-spacing-right-large:1.92%;--awb-margin-bottom-large:20px;--awb-spacing-left-large:1.92%;--awb-width-medium:100%;--awb-spacing-right-medium:1.92%;--awb-spacing-left-medium:1.92%;--awb-width-small:100%;--awb-spacing-right-small:1.92%;--awb-spacing-left-small:1.92%;\"><div class=\"fusion-column-wrapper fusion-flex-justify-content-flex-start fusion-content-layout-column\"><div class=\"fusion-title title fusion-title-1 fusion-sep-none fusion-title-text fusion-title-size-two\" style=\"--awb-margin-top-small:10px;--awb-margin-right-small:0px;--awb-margin-bottom-small:10px;--awb-margin-left-small:0px;\"><h2 class=\"fusion-title-heading title-heading-left fusion-responsive-typography-calculated\" style=\"margin:0;--fontSize:24;line-height:1.2;\"><h2>Der Hellenismus ist eine Zeit in der Geschichte des Mittelmeers<\/h2>\n<p><b>Hellenismus<\/b>\u00a0\u2014\u00a0<a href=\"https:\/\/ru.wikipedia.org\/wiki\/\u042d\u043b\u043b\u0438\u043d\u0438\u0437\u043c\"><b>\u043f\u0435\u0440\u0438\u043e\u0434<\/b><\/a>\u00a0in der Geschichte des Mittelmeers, vor allem des \u00f6stlichen, dauerte es seit dem Tod von Alexander dem Gro\u00dfen (323 v. Chr.) bis zur endg\u00fcltigen Errichtung der r\u00f6mischen Herrschaft in diesen Gebieten, die gew\u00f6hnlich datiert ist <a href=\"http:\/\/cyp-lives.com\/de\/blog\/\u043a\u0440\u0430\u0442\u043a\u0430\u044f-\u0438\u0441\u0442\u043e\u0440\u0438\u044f-\u043a\u0438\u043f\u0440\u0430-\u0434\u043e-325-\u0433\u043e\u0434-\u0434\u043e-\u043d\u0430\u0448\u0435\u0439\/\">Rueckgang<\/a>\u00a0<b>hellenistischen<\/b> Aegyptens.<\/p>\n<p>In 333 v. Chr. zerschlug Alexander der Gro\u00dfe die persischen Truppen bei Issa. Als er nach S\u00fcden zog und den Schie\u00dfstand belagerte, schickten die K\u00f6nige Zyperns mehr als 220 Schiffe, um die Stadt zu blockieren.<\/p>\n<p>Alexander setzte seine Kampagne in \u00c4gypten fort, wo er die Stadt Alexandria gr\u00fcndete und dann nach Osten nach Indien zog. Er starb jedoch im Alter von 33 Jahren, daher dauerte die Unabh\u00e4ngigkeit, die Zypern und sein K\u00f6nigreich genossen, nicht lange.<\/p>\n<p>Der fr\u00fche Tod von Alexander bedeutete, dass er keinen Erben mehr hatte, obwohl seine Frau mit einem Sohn schwanger war. Zwischen den mazedonischen Gener\u00e4len, die um Alexanders Thron k\u00e4mpften, brachen K\u00e4mpfe aus. Zypern wurde unter die Kontrolle von Ptolem\u00e4us gebracht, dem Satrap \u00c4gyptens, der ein Protektorat \u00fcber Zypern einrichtete. Die Geschichte von Alexander ist damit zu Ende gegangen.<\/p>\n<p>Alexandria wurde zum Zentrum f\u00fcr Ausbildung und Handel. Einiges davon hat sich in Zypern ausgewirkt. Die Stadtreiche, die unter den Assyrern und Persern relative Autonomie genossen, wurden jetzt von einem zentralen Gouverneur mit Sitz in Paphos verwaltet. Die kulturellen und religi\u00f6sen Institutionen blieben weitgehend von Ptolem\u00e4us unber\u00fchrt, obwohl allm\u00e4hlich das griechische Alphabet eingef\u00fchrt wurde.<\/p>\n<p>Die Bedeutung Zyperns als Zentrum f\u00fcr Schifffahrt und Handel wird zu dieser Zeit durch die Tr\u00fcmmer eines griechischen Frachtschiffs symbolisiert, das von Arch\u00e4ologen vor der Nordk\u00fcste entdeckt wurde. Es wird zusammen mit seinem Inhalt in der Burg von Kyrenia aufbewahrt.<\/p>\n<p>Die von Ptolem\u00e4us gegr\u00fcndete Dynastie schw\u00e4chte sich jedoch um 58 v. Chr. ab, und als ein r\u00f6mischer Beamter von einem nominellen K\u00f6nig von Zypern beleidigt wurde, wurde dies als Vorwand f\u00fcr die Annexion der Insel verwendet und wurde zur Provinz des R\u00f6mischen Reiches.<\/p>\n<p>Nun, wie gef\u00e4llt Ihnen eine so kurze Geschichte Zyperns. Weitermachen?<\/p><\/h2><\/div><\/div><\/div><\/div><\/div>","protected":false},"excerpt":{"rendered":"","protected":false},"author":2,"featured_media":10768,"comment_status":"open","ping_status":"open","sticky":false,"template":"","format":"standard","meta":{"_acf_changed":false,"footnotes":""},"categories":[98],"tags":[100,99],"class_list":["post-10704","post","type-post","status-publish","format-standard","has-post-thumbnail","hentry","category-history","tag-100","tag-99"],"acf":[],"_links":{"self":[{"href":"https:\/\/cyp-lives.com\/de\/wp-json\/wp\/v2\/posts\/10704","targetHints":{"allow":["GET"]}}],"collection":[{"href":"https:\/\/cyp-lives.com\/de\/wp-json\/wp\/v2\/posts"}],"about":[{"href":"https:\/\/cyp-lives.com\/de\/wp-json\/wp\/v2\/types\/post"}],"author":[{"embeddable":true,"href":"https:\/\/cyp-lives.com\/de\/wp-json\/wp\/v2\/users\/2"}],"replies":[{"embeddable":true,"href":"https:\/\/cyp-lives.com\/de\/wp-json\/wp\/v2\/comments?post=10704"}],"version-history":[{"count":0,"href":"https:\/\/cyp-lives.com\/de\/wp-json\/wp\/v2\/posts\/10704\/revisions"}],"wp:featuredmedia":[{"embeddable":true,"href":"https:\/\/cyp-lives.com\/de\/wp-json\/wp\/v2\/media\/10768"}],"wp:attachment":[{"href":"https:\/\/cyp-lives.com\/de\/wp-json\/wp\/v2\/media?parent=10704"}],"wp:term":[{"taxonomy":"category","embeddable":true,"href":"https:\/\/cyp-lives.com\/de\/wp-json\/wp\/v2\/categories?post=10704"},{"taxonomy":"post_tag","embeddable":true,"href":"https:\/\/cyp-lives.com\/de\/wp-json\/wp\/v2\/tags?post=10704"}],"curies":[{"name":"wp","href":"https:\/\/api.w.org\/{rel}","templated":true}]}}