{"id":10688,"date":"2020-10-30T14:34:48","date_gmt":"2020-10-30T11:34:48","guid":{"rendered":"http:\/\/cyp-lives.com\/?p=10688"},"modified":"2020-11-02T10:27:12","modified_gmt":"2020-11-02T07:27:12","slug":"before-325-bc","status":"publish","type":"post","link":"https:\/\/cyp-lives.com\/de\/history\/before-325-bc\/","title":{"rendered":"Eine kurze Geschichte Zyperns bis zum Jahr 325 v. Chr."},"content":{"rendered":"<div class=\"fusion-fullwidth fullwidth-box fusion-builder-row-1 fusion-flex-container nonhundred-percent-fullwidth non-hundred-percent-height-scrolling\" style=\"--awb-border-radius-top-left:0px;--awb-border-radius-top-right:0px;--awb-border-radius-bottom-right:0px;--awb-border-radius-bottom-left:0px;--awb-flex-wrap:wrap;\" ><div class=\"fusion-builder-row fusion-row fusion-flex-align-items-flex-start fusion-flex-content-wrap\" style=\"max-width:1248px;margin-left: calc(-4% \/ 2 );margin-right: calc(-4% \/ 2 );\"><div class=\"fusion-layout-column fusion_builder_column fusion-builder-column-0 fusion_builder_column_1_1 1_1 fusion-flex-column\" style=\"--awb-bg-size:cover;--awb-width-large:100%;--awb-margin-top-large:0px;--awb-spacing-right-large:1.92%;--awb-margin-bottom-large:20px;--awb-spacing-left-large:1.92%;--awb-width-medium:100%;--awb-spacing-right-medium:1.92%;--awb-spacing-left-medium:1.92%;--awb-width-small:100%;--awb-spacing-right-small:1.92%;--awb-spacing-left-small:1.92%;\"><div class=\"fusion-column-wrapper fusion-flex-justify-content-flex-start fusion-content-layout-column\"><div class=\"fusion-title title fusion-title-1 fusion-sep-none fusion-title-text fusion-title-size-two\" style=\"--awb-margin-top-small:10px;--awb-margin-right-small:0px;--awb-margin-bottom-small:10px;--awb-margin-left-small:0px;\"><h2 class=\"fusion-title-heading title-heading-left fusion-responsive-typography-calculated\" style=\"margin:0;--fontSize:24;line-height:1.2;\">Lassen Sie uns in die ferne Vergangenheit dieser Insel eintauchen<\/h2><\/div><div class=\"fusion-text fusion-text-1\"><p>Zypern, die drittgr\u00f6\u00dfte Insel im Mittelmeer, liegt an der Grenze der \u00f6stlichen und westlichen Welten. Die Insel hat immer die Aufmerksamkeit m\u00e4chtiger \u00e4u\u00dferer Kr\u00e4fte auf sich gezogen. Die Insel wurde seit Jahrhunderten von Assyrern, Ph\u00f6niziern, Perser, Griechen, \u00c4gyptern, R\u00f6mern und Byzantinern regiert. Im Mittelalter regierten Kreuzritter, Lusignaner, Genuesen und Venezianer, und sp\u00e4ter waren die Osmanen und Briten an der Reihe. Noch heute versuchen die Griechen, T\u00fcrken, Europa und die USA, theoretisch unabh\u00e4ngig zu sein, ihren Einfluss auf die Insel zu verbreiten.<\/p>\n<p>Im Laufe der Jahrhunderte hatte Zypern viele Namen, aber es wird angenommen, dass der Name von einem alten Wort abgeleitet ist, das Kupfer (Kipros) bezeichnete, das auf der Insel reichlich vorhanden war.<\/p>\n<p>Niemand wei\u00df sicher, wann die ersten Bewohner auf die Insel kamen, aber die Spuren der Siedlungen gehen bis 8000 v. Chr. zur\u00fcck, und die Siedlung wurde in Vrisi \u00f6stlich von Kyrenia gefunden.<\/p>\n<\/div><div class=\"fusion-image-element\" style=\"text-align:center;--awb-margin-bottom:20px;--awb-caption-title-font-family:var(--h2_typography-font-family);--awb-caption-title-font-weight:var(--h2_typography-font-weight);--awb-caption-title-font-style:var(--h2_typography-font-style);--awb-caption-title-size:var(--h2_typography-font-size);--awb-caption-title-transform:var(--h2_typography-text-transform);--awb-caption-title-line-height:var(--h2_typography-line-height);--awb-caption-title-letter-spacing:var(--h2_typography-letter-spacing);\"><span class=\"fusion-imageframe imageframe-none imageframe-1 hover-type-none\"><img decoding=\"async\" width=\"960\" height=\"423\" alt=\"\u043f\u0435\u0439\u0437\u0430\u0436\" title=\"\u043f\u0435\u0439\u0437\u0430\u0436\" src=\"http:\/\/cyp-lives.com\/media\/\u043f\u0435\u0439\u0437\u0430\u04362.jpg\" class=\"img-responsive wp-image-10692\" srcset=\"https:\/\/cyp-lives.com\/media\/\u043f\u0435\u0439\u0437\u0430\u04362-200x88.jpg 200w, https:\/\/cyp-lives.com\/media\/\u043f\u0435\u0439\u0437\u0430\u04362-400x176.jpg 400w, https:\/\/cyp-lives.com\/media\/\u043f\u0435\u0439\u0437\u0430\u04362-600x264.jpg 600w, https:\/\/cyp-lives.com\/media\/\u043f\u0435\u0439\u0437\u0430\u04362-800x353.jpg 800w, https:\/\/cyp-lives.com\/media\/\u043f\u0435\u0439\u0437\u0430\u04362.jpg 960w\" sizes=\"(max-width: 800px) 100vw, 960px\" \/><\/span><\/div><div class=\"fusion-text fusion-text-2\"><\/div><div class=\"fusion-text fusion-text-3\"><h2>Bronzezeit<\/h2>\n<p>In der Bronzezeit entstanden in Zypern die ersten St\u00e4dte und Wirtschaftszentren, in denen Kupfer verarbeitet und exportiert wurde. Der Zustrom von Einwanderern aus Anatolien f\u00fchrte zur Entwicklung der Handels- und Kulturbeziehungen der Insel zu Kleinasien, \u00c4gypten und der syrisch-pal\u00e4stinensischen Region.<\/p>\n<p>Ein Gro\u00dfteil unseres Wissens \u00fcber diese Zeit basiert auf Funden auf Friedh\u00f6fen, denn obwohl die Insel zu dieser Zeit dicht besiedelt zu sein schien, wurden noch keine Siedlungen entdeckt. Nach einer Vielzahl von Gegenst\u00e4nden zu urteilen, die zusammen mit den Toten platziert wurden \u2014 Schalen, Kr\u00fcge, Essen, K\u00e4mme, Messer, Halsketten usw. \u2014 war das Leben nach dem Tod ein wichtiges kulturelles Merkmal dieser Menschen aus der Bronzezeit.<\/p>\n<\/div><div class=\"fusion-image-element\" style=\"text-align:center;--awb-margin-bottom:20px;--awb-caption-title-font-family:var(--h2_typography-font-family);--awb-caption-title-font-weight:var(--h2_typography-font-weight);--awb-caption-title-font-style:var(--h2_typography-font-style);--awb-caption-title-size:var(--h2_typography-font-size);--awb-caption-title-transform:var(--h2_typography-text-transform);--awb-caption-title-line-height:var(--h2_typography-line-height);--awb-caption-title-letter-spacing:var(--h2_typography-letter-spacing);\"><span class=\"fusion-imageframe imageframe-none imageframe-2 hover-type-none\"><img decoding=\"async\" width=\"1200\" height=\"764\" alt=\"\u0421\u043a\u0430\u043b\u044b \u041a\u0438\u043f\u0440\" title=\"\u0421\u043a\u0430\u043b\u044b \u041a\u0438\u043f\u0440\" src=\"http:\/\/cyp-lives.com\/media\/imgonline-com-ua-convertxiXYHPaBEFRZ.jpg\" class=\"img-responsive wp-image-10724\" srcset=\"https:\/\/cyp-lives.com\/media\/imgonline-com-ua-convertxiXYHPaBEFRZ-200x127.jpg 200w, https:\/\/cyp-lives.com\/media\/imgonline-com-ua-convertxiXYHPaBEFRZ-400x255.jpg 400w, https:\/\/cyp-lives.com\/media\/imgonline-com-ua-convertxiXYHPaBEFRZ-600x382.jpg 600w, https:\/\/cyp-lives.com\/media\/imgonline-com-ua-convertxiXYHPaBEFRZ-800x509.jpg 800w, https:\/\/cyp-lives.com\/media\/imgonline-com-ua-convertxiXYHPaBEFRZ.jpg 1200w\" sizes=\"(max-width: 800px) 100vw, 1200px\" \/><\/span><\/div><div class=\"fusion-text fusion-text-4\"><p>Die Mitte der Bronzezeit (1900-1600 v. Chr.) ist gepr\u00e4gt von einem Anstieg der kulturellen und Handelskontakte mit den Nachbarl\u00e4ndern. Kupfer wurde zum wichtigsten Exportgut und unterst\u00fctzte die Entwicklung gro\u00dfer St\u00e4dte wie Encomi in der N\u00e4he des heutigen Famagusta. Tats\u00e4chlich glauben einige Wissenschaftler, dass Encomi das kupferreiche Alasia ist, das in assyrischen und babylonischen Texten erw\u00e4hnt wird.<\/p>\n<p>Parallel zum Wohlstand auf der Insel wuchsen die Spannungen, die m\u00f6glicherweise durch interne Konflikte oder durch Ereignisse auf dem Festland verursacht wurden, wo die Gixos \u00c4gypten, Pal\u00e4stina und Syrien angriffen. Solche Festungen wie auf Krini und auf der Halbinsel Karpas begannen zu erscheinen.<\/p>\n<p>Die Zerst\u00f6rung des Reiches der Gixos und die Wiederbelebung \u00c4gyptens als f\u00fchrende Macht im \u00f6stlichen Mittelmeer haben Zypern zu Beginn der sp\u00e4ten Bronzezeit (1650-1050 v. Chr.) g\u00fcnstige Bedingungen f\u00fcr seine Umwandlung in ein bl\u00fchendes Einkaufszentrum geschaffen. Die Insel wurde auch zum Sprungbrett f\u00fcr den kulturellen Austausch zwischen Ost und West.<\/p>\n<h2>Eisenzeit<\/h2>\n<p>Der \u00dcbergang in die Eisenzeit war f\u00fcr Zypern wie f\u00fcr Griechenland ein dunkles Zeitalter. Naturkatastrophen zerst\u00f6rten fast alle Siedlungen der sp\u00e4ten Bronzezeit und f\u00fchrten zu Kulturverfall, Armut und Bev\u00f6lkerungsr\u00fcckgang.<\/p>\n<p>Erst mit der Ankunft der Ph\u00f6nizier erhielt die Insel einen kulturellen Impuls, der zu einer St\u00e4rkung der Beziehungen zum Osten f\u00fchrte. Die Kolonisatoren kamen im 9. Jahrhundert vor Christus aus Tyrus nach Zypern und dominierten die St\u00e4dte Idalion, Amathus, Kition und Lafitos.<\/p>\n<p>Im 8. Jahrhundert v. Chr. war Zypern wieder Teil der Nahostm\u00e4chte. Die zyprischen St\u00e4dte zahlten dem assyrischen K\u00f6nigreich Tribut und nach der \u00e4gyptischen Pause (560 \u2014 525 v. Chr.) wurden sie in das Persische Reich aufgenommen. Ihre persischen Herrscher gew\u00e4hrten den St\u00e4dten Zyperns erhebliche Freiheit und schufen g\u00fcnstige Bedingungen f\u00fcr eine wirtschaftliche und kulturelle Wiederbelebung. Aufgrund seiner geografischen Lage und seines Reichtums an Kupfer und Holz bl\u00fchte die Insel.<\/p>\n<\/div><div class=\"fusion-image-element\" style=\"text-align:center;--awb-margin-bottom:20px;--awb-caption-title-font-family:var(--h2_typography-font-family);--awb-caption-title-font-weight:var(--h2_typography-font-weight);--awb-caption-title-font-style:var(--h2_typography-font-style);--awb-caption-title-size:var(--h2_typography-font-size);--awb-caption-title-transform:var(--h2_typography-text-transform);--awb-caption-title-line-height:var(--h2_typography-line-height);--awb-caption-title-letter-spacing:var(--h2_typography-letter-spacing);\"><span class=\"fusion-imageframe imageframe-none imageframe-3 hover-type-none\"><img decoding=\"async\" width=\"960\" height=\"720\" alt=\"\u043a\u0430\u0440\u0442\u0430 \u043f\u0435\u0440\u0441\u0438\u0438\" title=\"\u043a\u0430\u0440\u0442\u0430 \u043f\u0435\u0440\u0441\u0438\u0438\" src=\"http:\/\/cyp-lives.com\/media\/\u043a\u0430\u0440\u0442\u0430-\u043f\u0435\u0440\u0441\u0438\u0438.jpg\" class=\"img-responsive wp-image-10698\" srcset=\"https:\/\/cyp-lives.com\/media\/\u043a\u0430\u0440\u0442\u0430-\u043f\u0435\u0440\u0441\u0438\u0438-200x150.jpg 200w, https:\/\/cyp-lives.com\/media\/\u043a\u0430\u0440\u0442\u0430-\u043f\u0435\u0440\u0441\u0438\u0438-400x300.jpg 400w, https:\/\/cyp-lives.com\/media\/\u043a\u0430\u0440\u0442\u0430-\u043f\u0435\u0440\u0441\u0438\u0438-600x450.jpg 600w, https:\/\/cyp-lives.com\/media\/\u043a\u0430\u0440\u0442\u0430-\u043f\u0435\u0440\u0441\u0438\u0438-800x600.jpg 800w, https:\/\/cyp-lives.com\/media\/\u043a\u0430\u0440\u0442\u0430-\u043f\u0435\u0440\u0441\u0438\u0438.jpg 960w\" sizes=\"(max-width: 800px) 100vw, 960px\" \/><\/span><\/div><div class=\"fusion-text fusion-text-5\"><h2>Aufstand<\/h2>\n<p>Der Aufstand der K\u00fcstenst\u00e4dte Kleinasiens gegen die Perser 499 v. Chr. f\u00fchrte zu einer Polarisierung der pro-griechischen und pro-persischen St\u00e4dte in Zypern. Die Situation hat ihren H\u00f6hepunkt erreicht, als der pro-persische K\u00f6nig <a href=\"http:\/\/cyp-lives.com\/de\/blog\/the-ancient-city-of-salamis\/\">Salamis<\/a> er wurde von seinem j\u00fcngeren Bruder Onisima gest\u00fcrzt, der die Unterst\u00fctzung der ganzen Insel sammelte, um das persische Joch abzuwerfen. Der Aufstand wurde unterdr\u00fcckt, und sie wurden kraftlos get\u00f6tet.<\/p>\n<p>Die Delos League, eine Vereinigung griechischer Stadtstaaten, die von Athen zur Wiederherstellung des von den Persern verlorenen Territoriums geschaffen wurde, hielt Zypern f\u00fcr ein wichtiges strategisches Objekt. 478 v. Chr. gelang es dem Spartaner Pausanian, einen Gro\u00dfteil der Insel vor\u00fcbergehend zu befreien, aber dieser und nachfolgende Versuche scheiterten schlie\u00dflich.<\/p>\n<p>Am Ende des 5. Jahrhunderts v. Chr. eroberte Evagor den Thron von Salamis von der persischen Marionette Abdemon. Durch die Aufrechterhaltung guter Beziehungen zu den Persern f\u00f6rderte Evagor die griechische Kultur und machte Salamis zu einer bl\u00fchenden und m\u00e4chtigen Stadt. Als er jedoch versuchte, seine Macht auf ganz Zypern auszubreiten, intervenierten die Perser, und nachdem die Hilfe von Athen und \u00c4gypten verschwunden war, kapitulierte er schlie\u00dflich. Er behielt den Besitz von Salamis, indem er dem persischen K\u00f6nig Tribut zollte.<\/p>\n<\/div><\/div><\/div><\/div><\/div>","protected":false},"excerpt":{"rendered":"","protected":false},"author":2,"featured_media":10769,"comment_status":"open","ping_status":"open","sticky":false,"template":"","format":"standard","meta":{"_acf_changed":false,"footnotes":""},"categories":[98],"tags":[100,99],"class_list":["post-10688","post","type-post","status-publish","format-standard","has-post-thumbnail","hentry","category-history","tag-100","tag-99"],"acf":[],"_links":{"self":[{"href":"https:\/\/cyp-lives.com\/de\/wp-json\/wp\/v2\/posts\/10688","targetHints":{"allow":["GET"]}}],"collection":[{"href":"https:\/\/cyp-lives.com\/de\/wp-json\/wp\/v2\/posts"}],"about":[{"href":"https:\/\/cyp-lives.com\/de\/wp-json\/wp\/v2\/types\/post"}],"author":[{"embeddable":true,"href":"https:\/\/cyp-lives.com\/de\/wp-json\/wp\/v2\/users\/2"}],"replies":[{"embeddable":true,"href":"https:\/\/cyp-lives.com\/de\/wp-json\/wp\/v2\/comments?post=10688"}],"version-history":[{"count":0,"href":"https:\/\/cyp-lives.com\/de\/wp-json\/wp\/v2\/posts\/10688\/revisions"}],"wp:featuredmedia":[{"embeddable":true,"href":"https:\/\/cyp-lives.com\/de\/wp-json\/wp\/v2\/media\/10769"}],"wp:attachment":[{"href":"https:\/\/cyp-lives.com\/de\/wp-json\/wp\/v2\/media?parent=10688"}],"wp:term":[{"taxonomy":"category","embeddable":true,"href":"https:\/\/cyp-lives.com\/de\/wp-json\/wp\/v2\/categories?post=10688"},{"taxonomy":"post_tag","embeddable":true,"href":"https:\/\/cyp-lives.com\/de\/wp-json\/wp\/v2\/tags?post=10688"}],"curies":[{"name":"wp","href":"https:\/\/api.w.org\/{rel}","templated":true}]}}